{"id":51447,"date":"2026-09-04T18:26:50","date_gmt":"2026-09-04T18:26:50","guid":{"rendered":"https:\/\/cnctulua.tv\/?p=51447"},"modified":"2026-09-04T18:26:50","modified_gmt":"2026-09-04T18:26:50","slug":"que-investigan-las-autoridades-tras-tres-hechos-que-dejaron-una-persona-muerta-y-un-procesado-en-cartago-y-buenaventura","status":"publish","type":"post","link":"https:\/\/cnctulua.tv\/?p=51447","title":{"rendered":"\u00bfQU\u00c9 INVESTIGAN LAS AUTORIDADES TRAS TRES HECHOS QUE DEJARON UNA PERSONA MUERTA Y UN PROCESADO EN CARTAGO Y BUENAVENTURA?"},"content":{"rendered":"\n<p class=\"wp-block-paragraph\">Tres hechos son materia de investigaci\u00f3n en Cartago y Buenaventura, relacionados con un homicidio, un caso de violencia intrafamiliar e incendio y un accidente de tr\u00e1nsito que dej\u00f3 otra persona fallecida.<\/p>\n\n\n\n<p class=\"wp-block-paragraph\">En Cartago, Jorge Querub\u00edn Valero Giraldo, de 42 a\u00f1os, muri\u00f3 luego de ser atacado con arma de fuego en inmediaciones del barrio Brisas del R\u00edo, cerca del puente que comunica a este municipio con Pereira. Seg\u00fan informaci\u00f3n conocida, el hombre registraba antecedentes judiciales.<\/p>\n\n\n\n<p class=\"wp-block-paragraph\">Las autoridades adelantan las investigaciones para establecer las circunstancias en las que ocurri\u00f3 el homicidio e identificar a los responsables.<\/p>\n\n\n\n<figure class=\"wp-block-embed is-type-video is-provider-youtube wp-block-embed-youtube wp-embed-aspect-16-9 wp-has-aspect-ratio\"><div class=\"wp-block-embed__wrapper\">\n<iframe loading=\"lazy\" title=\"HOMICIDIO, ACCIDENTE FATAL Y UNA JUDICIALIZACI\u00d3N: TRES CASOS QUE INVESTIGAN LAS AUTORIDADES\" width=\"640\" height=\"360\" src=\"https:\/\/www.youtube.com\/embed\/biCxM2fu9yc?feature=oembed\" frameborder=\"0\" allow=\"accelerometer; autoplay; clipboard-write; encrypted-media; gyroscope; picture-in-picture; web-share\" referrerpolicy=\"strict-origin-when-cross-origin\" allowfullscreen><\/iframe>\n<\/div><\/figure>\n\n\n\n<p class=\"wp-block-paragraph\">Entre tanto, en Buenaventura, la Fiscal\u00eda judicializ\u00f3 a un hombre se\u00f1alado de agredir f\u00edsica y verbalmente a su madre, de 65 a\u00f1os, y posteriormente incendiar la vivienda en la que resid\u00edan. El fuego tambi\u00e9n habr\u00eda afectado algunos inmuebles vecinos.<\/p>\n\n\n\n<p class=\"wp-block-paragraph\">Seg\u00fan la investigaci\u00f3n, el procesado previamente habr\u00eda amenazado con incendiar la vivienda con la mujer en su interior. La Fiscal\u00eda le imput\u00f3 los delitos de incendio agravado y violencia intrafamiliar agravada. El hombre no acept\u00f3 los cargos y recibi\u00f3 medida de aseguramiento en establecimiento carcelario.<\/p>\n\n\n\n<p class=\"wp-block-paragraph\">Por otro lado, en Cartago muri\u00f3 Jos\u00e9 Alejandro L\u00f3pez, quien se desempe\u00f1aba como auxiliar contable y estudiaba en la Universidad del Valle, sede Cartago, luego de sufrir un accidente de tr\u00e1nsito.<\/p>\n\n\n\n<p class=\"wp-block-paragraph\">El siniestro ocurri\u00f3 en el kil\u00f3metro 4+300 de la v\u00eda Ye de Cerritos\u2013Cauya, en el sector Alto de Las Aves, donde colisionaron una motocicleta y una camioneta. L\u00f3pez sufri\u00f3 graves lesiones y falleci\u00f3 horas despu\u00e9s pese a recibir atenci\u00f3n m\u00e9dica.<\/p>\n\n\n\n<p class=\"wp-block-paragraph\">Una mujer que viajaba en la camioneta result\u00f3 herida, mientras que el conductor del veh\u00edculo sali\u00f3 ileso.<\/p>\n\n\n\n<p class=\"wp-block-paragraph\">Las autoridades adelantan las respectivas investigaciones para esclarecer las circunstancias de cada caso y determinar las responsabilidades correspondientes.<\/p>\n\n\n\n<figure class=\"wp-block-video\"><\/figure>\n","protected":false},"excerpt":{"rendered":"<p>Tres hechos son materia de investigaci\u00f3n en Cartago y Buenaventura, relacionados con un homicidio, un caso de violencia intrafamiliar e incendio y un accidente de tr\u00e1nsito que dej\u00f3 otra persona fallecida. En Cartago, Jorge Querub\u00edn Valero Giraldo, de 42 a\u00f1os, muri\u00f3 luego de ser atacado con arma de fuego en inmediaciones del barrio Brisas del [&hellip;]<\/p>\n","protected":false},"author":3,"featured_media":51448,"comment_status":"open","ping_status":"open","sticky":false,"template":"","format":"video","meta":{"footnotes":""},"categories":[10,1515],"tags":[],"class_list":["post-51447","post","type-post","status-publish","format-video","has-post-thumbnail","hentry","category-cnc-noticias-tulua","category-cnc-tulua","post_format-post-format-video"],"_links":{"self":[{"href":"https:\/\/cnctulua.tv\/index.php?rest_route=\/wp\/v2\/posts\/51447","targetHints":{"allow":["GET"]}}],"collection":[{"href":"https:\/\/cnctulua.tv\/index.php?rest_route=\/wp\/v2\/posts"}],"about":[{"href":"https:\/\/cnctulua.tv\/index.php?rest_route=\/wp\/v2\/types\/post"}],"author":[{"embeddable":true,"href":"https:\/\/cnctulua.tv\/index.php?rest_route=\/wp\/v2\/users\/3"}],"replies":[{"embeddable":true,"href":"https:\/\/cnctulua.tv\/index.php?rest_route=%2Fwp%2Fv2%2Fcomments&post=51447"}],"version-history":[{"count":1,"href":"https:\/\/cnctulua.tv\/index.php?rest_route=\/wp\/v2\/posts\/51447\/revisions"}],"predecessor-version":[{"id":51449,"href":"https:\/\/cnctulua.tv\/index.php?rest_route=\/wp\/v2\/posts\/51447\/revisions\/51449"}],"wp:featuredmedia":[{"embeddable":true,"href":"https:\/\/cnctulua.tv\/index.php?rest_route=\/wp\/v2\/media\/51448"}],"wp:attachment":[{"href":"https:\/\/cnctulua.tv\/index.php?rest_route=%2Fwp%2Fv2%2Fmedia&parent=51447"}],"wp:term":[{"taxonomy":"category","embeddable":true,"href":"https:\/\/cnctulua.tv\/index.php?rest_route=%2Fwp%2Fv2%2Fcategories&post=51447"},{"taxonomy":"post_tag","embeddable":true,"href":"https:\/\/cnctulua.tv\/index.php?rest_route=%2Fwp%2Fv2%2Ftags&post=51447"}],"curies":[{"name":"wp","href":"https:\/\/api.w.org\/{rel}","templated":true}]}}